{"id":2090,"date":"2024-11-15T16:51:39","date_gmt":"2024-11-15T15:51:39","guid":{"rendered":"https:\/\/wilsend.com\/?p=2090"},"modified":"2024-11-15T17:33:33","modified_gmt":"2024-11-15T16:33:33","slug":"que-pasara-con-mi-empresa-tras-mi-partida","status":"publish","type":"post","link":"https:\/\/wilsend.com\/es\/que-pasara-con-mi-empresa-tras-mi-partida\/","title":{"rendered":"\u00bfQu\u00e9 pasar\u00e1 con mi empresa tras mi partida?"},"content":{"rendered":"\n<p>Si formas parte del mundo empresarial, probablemente sabr\u00e1s lo crucial que es el tema de la sucesi\u00f3n de cargos.&nbsp;<\/p>\n\n\n\n<p>Una decisi\u00f3n no muy f\u00e1cil, y capaz de generar conflictos si no fue <strong><em>el l\u00edde<\/em>r<\/strong>, quien tom\u00f3 la decisi\u00f3n final. Cuando las decisiones te corresponden a ti, pues de ti depende seleccionar las alternativas en caso de tu partida, sin embargo hay algunos aspectos que hay que tener en consideraci\u00f3n.&nbsp;<\/p>\n\n\n\n<p class=\"has-medium-font-size\"><strong>Criterios para la Selecci\u00f3n<\/strong><\/p>\n\n\n\n<p><strong>\u00bfA qui\u00e9n?<\/strong> Dependiendo del tipo de empresa y la magnitud de esta, los posibles sucesores pueden variar. Por ejemplo, muchos pensar\u00edan en su propio hijo o hija, sin embargo, \u00bfest\u00e1 capacitado\/a para cumplir tal rol? Por muy atractivo que pueda sonar este caso, la decisi\u00f3n debes considerarla con la mente un poco m\u00e1s fr\u00eda.&nbsp;<\/p>\n\n\n\n<p>\u00bfQuiere esta persona tomar la direcci\u00f3n de la empresa? Por mucha f\u00e9 que tengamos en alguno de nuestros candidatos, nada indica que este sea el deseo de ellos. \u00bfSignifica esto que debo descartar posibles candidatos? No necesariamente.<\/p>\n\n\n\n<p>A modo de contingencia para situaciones como estas, lo que debes hacer es, no elegir a un s\u00f3lo sucesor, sino que considerar varios posibles candidatos, en cierto orden de preferencia. Si la opci\u00f3n <em>A<\/em> no puede o no quiere tomar el cargo, pues existe un plan<em> B<\/em>. Si sucede lo mismo, hay un candidato <em>C<\/em>, y as\u00ed sucesivamente. Tu palabra ser\u00e1 considerada y probablemente respetada, evitando as\u00ed ciertos conflictos internos y peleas por el puesto.<\/p>\n\n\n\n<p>Considera opciones internas y externas a la compa\u00f1ia, a quienes crees que tu visi\u00f3n y misi\u00f3n puede asemejarse.<\/p>\n\n\n\n<p class=\"has-medium-font-size\"><strong>Evaluaci\u00f3n de Opciones y Objetivos<\/strong><\/p>\n\n\n\n<p>Al considerar el futuro de tu empresa, es importante reflexionar sobre varios aspectos:<\/p>\n\n\n\n<p>-Visi\u00f3n a largo plazo: \u00bfCu\u00e1les son tus objetivos para la empresa m\u00e1s all\u00e1 de tu participaci\u00f3n?<br>-Valores e ideales: \u00bfQu\u00e9 principios fundamentales quieres que se mantengan?<br>-Legado: \u00bfC\u00f3mo quieres que tu empresa sea recordada y contin\u00fae operando?<\/p>\n\n\n\n<p class=\"has-medium-font-size\"><strong>Para evitar conflictos y asegurar una transici\u00f3n suave:<\/strong><\/p>\n\n\n\n<p>-Documenta tus deseos: Deja instrucciones claras y legalmente vinculantes.<br>-Comunica tu plan: Informa a las partes relevantes sobre tus intenciones.<br>-Actualiza regularmente: Revisa y ajusta tu plan de sucesi\u00f3n cada cierto tiempo.<\/p>\n\n\n\n<p class=\"has-medium-font-size\"><strong>Consideraciones Finales<\/strong><\/p>\n\n\n\n<p>Recuerda que la planificaci\u00f3n de la sucesi\u00f3n no se trata solo de elegir a un l\u00edder, sino de asegurar la <strong>continuidad y el \u00e9xito<\/strong> de tu empresa. Al tomar estas medidas, no solo est\u00e1s protegiendo tu legado, sino tambi\u00e9n proporcionando una base s\u00f3lida para el futuro \u00e9xito y crecimiento de tu empresa, incluso en tu ausencia.<\/p>\n\n\n\n<p>Si deseas ayuda respecto a esta tem\u00e1tica, te recordamos que en nuestros <em><strong>Servicios Especiales<\/strong><\/em>, puedes encontrar el <em><a href=\"https:\/\/wilsend.com\/es\/plan-empresa\/\">Plan Empresa<\/a><\/em>, en el cual nos dedicamos a acompa\u00f1arte y aconsejarte, en un plan de contingencia para tu empresa, en caso de que te llegue a pasar algo. <a href=\"https:\/\/wilsend.com\/es\/faq\/#CONTACTO\">Cont\u00e1ctanos<\/a> si deseas saber m\u00e1s al respecto y deja organizado todo hoy,para el d\u00eda de tu partida.<\/p>\n","protected":false},"excerpt":{"rendered":"<p>Si formas parte del mundo empresarial, probablemente sabr\u00e1s lo crucial que es el tema de la sucesi\u00f3n de cargos.&nbsp; Una decisi\u00f3n no muy f\u00e1cil, y capaz de generar conflictos si no fue el l\u00edder, quien tom\u00f3 la decisi\u00f3n final. Cuando las decisiones te corresponden a ti, pues de ti depende seleccionar las alternativas en caso [&hellip;]<\/p>\n","protected":false},"author":2,"featured_media":2091,"comment_status":"open","ping_status":"open","sticky":false,"template":"","format":"standard","meta":{"_acf_changed":false,"_et_pb_use_builder":"off","_et_pb_old_content":"","_et_gb_content_width":"","_monsterinsights_skip_tracking":false,"_monsterinsights_sitenote_active":false,"_monsterinsights_sitenote_note":"","_monsterinsights_sitenote_category":0,"footnotes":""},"categories":[1],"tags":[],"class_list":["post-2090","post","type-post","status-publish","format-standard","has-post-thumbnail","hentry","category-sin-categoria"],"acf":[],"yoast_head":"<!-- This site is optimized with the Yoast SEO plugin v24.4 - https:\/\/yoast.com\/wordpress\/plugins\/seo\/ -->\n<title>\u00bfQu\u00e9 pasar\u00e1 con mi empresa tras mi partida? - WILSEND.com<\/title>\n<meta name=\"robots\" content=\"index, follow, max-snippet:-1, max-image-preview:large, max-video-preview:-1\" \/>\n<link rel=\"canonical\" href=\"https:\/\/wilsend.com\/es\/que-pasara-con-mi-empresa-tras-mi-partida\/\" \/>\n<meta property=\"og:locale\" content=\"es_ES\" \/>\n<meta property=\"og:type\" content=\"article\" \/>\n<meta property=\"og:title\" content=\"\u00bfQu\u00e9 pasar\u00e1 con mi empresa tras mi partida? - WILSEND.com\" \/>\n<meta property=\"og:description\" content=\"Si formas parte del mundo empresarial, probablemente sabr\u00e1s lo crucial que es el tema de la sucesi\u00f3n de cargos.&nbsp; Una decisi\u00f3n no muy f\u00e1cil, y capaz de generar conflictos si no fue el l\u00edder, quien tom\u00f3 la decisi\u00f3n final. Cuando las decisiones te corresponden a ti, pues de ti depende seleccionar las alternativas en caso [&hellip;]\" \/>\n<meta property=\"og:url\" content=\"https:\/\/wilsend.com\/es\/wp-json\/wp\/v2\/posts\/2090\" \/>\n<meta property=\"og:site_name\" content=\"WILSEND.com\" \/>\n<meta property=\"article:published_time\" content=\"2024-11-15T15:51:39+00:00\" \/>\n<meta property=\"article:modified_time\" content=\"2024-11-15T16:33:33+00:00\" \/>\n<meta property=\"og:image\" content=\"https:\/\/wilsend.com\/wp-content\/uploads\/2024\/11\/15173.jpg\" \/>\n\t<meta property=\"og:image:width\" content=\"2000\" \/>\n\t<meta property=\"og:image:height\" content=\"1333\" \/>\n\t<meta property=\"og:image:type\" content=\"image\/jpeg\" \/>\n<meta name=\"author\" content=\"BYDAS\" \/>\n<meta name=\"twitter:card\" content=\"summary_large_image\" \/>\n<meta name=\"twitter:label1\" content=\"Escrito por\" \/>\n\t<meta name=\"twitter:data1\" content=\"BYDAS\" \/>\n\t<meta name=\"twitter:label2\" content=\"Tiempo de lectura\" \/>\n\t<meta name=\"twitter:data2\" content=\"3 minutos\" \/>\n<script type=\"application\/ld+json\" class=\"yoast-schema-graph\">{\"@context\":\"https:\/\/schema.org\",\"@graph\":[{\"@type\":\"WebPage\",\"@id\":\"https:\/\/wilsend.com\/que-pasara-con-mi-empresa-tras-mi-partida\/\",\"url\":\"https:\/\/wilsend.com\/que-pasara-con-mi-empresa-tras-mi-partida\/\",\"name\":\"\u00bfQu\u00e9 pasar\u00e1 con mi empresa tras mi partida? - WILSEND.com\",\"isPartOf\":{\"@id\":\"https:\/\/wilsend.com\/#website\"},\"primaryImageOfPage\":{\"@id\":\"https:\/\/wilsend.com\/que-pasara-con-mi-empresa-tras-mi-partida\/#primaryimage\"},\"image\":{\"@id\":\"https:\/\/wilsend.com\/que-pasara-con-mi-empresa-tras-mi-partida\/#primaryimage\"},\"thumbnailUrl\":\"https:\/\/wilsend.com\/wp-content\/uploads\/2024\/11\/15173.jpg\",\"datePublished\":\"2024-11-15T15:51:39+00:00\",\"dateModified\":\"2024-11-15T16:33:33+00:00\",\"author\":{\"@id\":\"https:\/\/wilsend.com\/#\/schema\/person\/ec94a0223e3ad58c66d1ca7aee77e30a\"},\"breadcrumb\":{\"@id\":\"https:\/\/wilsend.com\/que-pasara-con-mi-empresa-tras-mi-partida\/#breadcrumb\"},\"inLanguage\":\"es\",\"potentialAction\":[{\"@type\":\"ReadAction\",\"target\":[\"https:\/\/wilsend.com\/que-pasara-con-mi-empresa-tras-mi-partida\/\"]}]},{\"@type\":\"ImageObject\",\"inLanguage\":\"es\",\"@id\":\"https:\/\/wilsend.com\/que-pasara-con-mi-empresa-tras-mi-partida\/#primaryimage\",\"url\":\"https:\/\/wilsend.com\/wp-content\/uploads\/2024\/11\/15173.jpg\",\"contentUrl\":\"https:\/\/wilsend.com\/wp-content\/uploads\/2024\/11\/15173.jpg\",\"width\":2000,\"height\":1333,\"caption\":\"personas en oficina\"},{\"@type\":\"BreadcrumbList\",\"@id\":\"https:\/\/wilsend.com\/que-pasara-con-mi-empresa-tras-mi-partida\/#breadcrumb\",\"itemListElement\":[{\"@type\":\"ListItem\",\"position\":1,\"name\":\"Portada\",\"item\":\"https:\/\/wilsend.com\/\"},{\"@type\":\"ListItem\",\"position\":2,\"name\":\"\u00bfQu\u00e9 pasar\u00e1 con mi empresa tras mi partida?\"}]},{\"@type\":\"WebSite\",\"@id\":\"https:\/\/wilsend.com\/#website\",\"url\":\"https:\/\/wilsend.com\/\",\"name\":\"WILSEND.com\",\"description\":\"Comparte con tus seres queridos los momentos m\u00e1s importantes de tu vida\",\"potentialAction\":[{\"@type\":\"SearchAction\",\"target\":{\"@type\":\"EntryPoint\",\"urlTemplate\":\"https:\/\/wilsend.com\/?s={search_term_string}\"},\"query-input\":{\"@type\":\"PropertyValueSpecification\",\"valueRequired\":true,\"valueName\":\"search_term_string\"}}],\"inLanguage\":\"es\"},{\"@type\":\"Person\",\"@id\":\"https:\/\/wilsend.com\/#\/schema\/person\/ec94a0223e3ad58c66d1ca7aee77e30a\",\"name\":\"BYDAS\",\"image\":{\"@type\":\"ImageObject\",\"inLanguage\":\"es\",\"@id\":\"https:\/\/wilsend.com\/#\/schema\/person\/image\/\",\"url\":\"https:\/\/secure.gravatar.com\/avatar\/ef20c702b891d3ac207fd085c517125f0eec6e697be5ce57bc67522cd3622f44?s=96&d=mm&r=g\",\"contentUrl\":\"https:\/\/secure.gravatar.com\/avatar\/ef20c702b891d3ac207fd085c517125f0eec6e697be5ce57bc67522cd3622f44?s=96&d=mm&r=g\",\"caption\":\"BYDAS\"},\"url\":\"https:\/\/wilsend.com\/es\/author\/bydas\/\"}]}<\/script>\n<!-- \/ Yoast SEO plugin. -->","yoast_head_json":{"title":"\u00bfQu\u00e9 pasar\u00e1 con mi empresa tras mi partida? - WILSEND.com","robots":{"index":"index","follow":"follow","max-snippet":"max-snippet:-1","max-image-preview":"max-image-preview:large","max-video-preview":"max-video-preview:-1"},"canonical":"https:\/\/wilsend.com\/es\/que-pasara-con-mi-empresa-tras-mi-partida\/","og_locale":"es_ES","og_type":"article","og_title":"\u00bfQu\u00e9 pasar\u00e1 con mi empresa tras mi partida? - WILSEND.com","og_description":"Si formas parte del mundo empresarial, probablemente sabr\u00e1s lo crucial que es el tema de la sucesi\u00f3n de cargos.&nbsp; Una decisi\u00f3n no muy f\u00e1cil, y capaz de generar conflictos si no fue el l\u00edder, quien tom\u00f3 la decisi\u00f3n final. Cuando las decisiones te corresponden a ti, pues de ti depende seleccionar las alternativas en caso [&hellip;]","og_url":"https:\/\/wilsend.com\/es\/wp-json\/wp\/v2\/posts\/2090","og_site_name":"WILSEND.com","article_published_time":"2024-11-15T15:51:39+00:00","article_modified_time":"2024-11-15T16:33:33+00:00","og_image":[{"width":2000,"height":1333,"url":"https:\/\/wilsend.com\/wp-content\/uploads\/2024\/11\/15173.jpg","type":"image\/jpeg"}],"author":"BYDAS","twitter_card":"summary_large_image","twitter_misc":{"Escrito por":"BYDAS","Tiempo de lectura":"3 minutos"},"schema":{"@context":"https:\/\/schema.org","@graph":[{"@type":"WebPage","@id":"https:\/\/wilsend.com\/que-pasara-con-mi-empresa-tras-mi-partida\/","url":"https:\/\/wilsend.com\/que-pasara-con-mi-empresa-tras-mi-partida\/","name":"\u00bfQu\u00e9 pasar\u00e1 con mi empresa tras mi partida? - WILSEND.com","isPartOf":{"@id":"https:\/\/wilsend.com\/#website"},"primaryImageOfPage":{"@id":"https:\/\/wilsend.com\/que-pasara-con-mi-empresa-tras-mi-partida\/#primaryimage"},"image":{"@id":"https:\/\/wilsend.com\/que-pasara-con-mi-empresa-tras-mi-partida\/#primaryimage"},"thumbnailUrl":"https:\/\/wilsend.com\/wp-content\/uploads\/2024\/11\/15173.jpg","datePublished":"2024-11-15T15:51:39+00:00","dateModified":"2024-11-15T16:33:33+00:00","author":{"@id":"https:\/\/wilsend.com\/#\/schema\/person\/ec94a0223e3ad58c66d1ca7aee77e30a"},"breadcrumb":{"@id":"https:\/\/wilsend.com\/que-pasara-con-mi-empresa-tras-mi-partida\/#breadcrumb"},"inLanguage":"es","potentialAction":[{"@type":"ReadAction","target":["https:\/\/wilsend.com\/que-pasara-con-mi-empresa-tras-mi-partida\/"]}]},{"@type":"ImageObject","inLanguage":"es","@id":"https:\/\/wilsend.com\/que-pasara-con-mi-empresa-tras-mi-partida\/#primaryimage","url":"https:\/\/wilsend.com\/wp-content\/uploads\/2024\/11\/15173.jpg","contentUrl":"https:\/\/wilsend.com\/wp-content\/uploads\/2024\/11\/15173.jpg","width":2000,"height":1333,"caption":"personas en oficina"},{"@type":"BreadcrumbList","@id":"https:\/\/wilsend.com\/que-pasara-con-mi-empresa-tras-mi-partida\/#breadcrumb","itemListElement":[{"@type":"ListItem","position":1,"name":"Portada","item":"https:\/\/wilsend.com\/"},{"@type":"ListItem","position":2,"name":"\u00bfQu\u00e9 pasar\u00e1 con mi empresa tras mi partida?"}]},{"@type":"WebSite","@id":"https:\/\/wilsend.com\/#website","url":"https:\/\/wilsend.com\/","name":"WILSEND.com","description":"Comparte con tus seres queridos los momentos m\u00e1s importantes de tu vida","potentialAction":[{"@type":"SearchAction","target":{"@type":"EntryPoint","urlTemplate":"https:\/\/wilsend.com\/?s={search_term_string}"},"query-input":{"@type":"PropertyValueSpecification","valueRequired":true,"valueName":"search_term_string"}}],"inLanguage":"es"},{"@type":"Person","@id":"https:\/\/wilsend.com\/#\/schema\/person\/ec94a0223e3ad58c66d1ca7aee77e30a","name":"BYDAS","image":{"@type":"ImageObject","inLanguage":"es","@id":"https:\/\/wilsend.com\/#\/schema\/person\/image\/","url":"https:\/\/secure.gravatar.com\/avatar\/ef20c702b891d3ac207fd085c517125f0eec6e697be5ce57bc67522cd3622f44?s=96&d=mm&r=g","contentUrl":"https:\/\/secure.gravatar.com\/avatar\/ef20c702b891d3ac207fd085c517125f0eec6e697be5ce57bc67522cd3622f44?s=96&d=mm&r=g","caption":"BYDAS"},"url":"https:\/\/wilsend.com\/es\/author\/bydas\/"}]}},"_links":{"self":[{"href":"https:\/\/wilsend.com\/es\/wp-json\/wp\/v2\/posts\/2090","targetHints":{"allow":["GET"]}}],"collection":[{"href":"https:\/\/wilsend.com\/es\/wp-json\/wp\/v2\/posts"}],"about":[{"href":"https:\/\/wilsend.com\/es\/wp-json\/wp\/v2\/types\/post"}],"author":[{"embeddable":true,"href":"https:\/\/wilsend.com\/es\/wp-json\/wp\/v2\/users\/2"}],"replies":[{"embeddable":true,"href":"https:\/\/wilsend.com\/es\/wp-json\/wp\/v2\/comments?post=2090"}],"version-history":[{"count":2,"href":"https:\/\/wilsend.com\/es\/wp-json\/wp\/v2\/posts\/2090\/revisions"}],"predecessor-version":[{"id":2095,"href":"https:\/\/wilsend.com\/es\/wp-json\/wp\/v2\/posts\/2090\/revisions\/2095"}],"wp:featuredmedia":[{"embeddable":true,"href":"https:\/\/wilsend.com\/es\/wp-json\/wp\/v2\/media\/2091"}],"wp:attachment":[{"href":"https:\/\/wilsend.com\/es\/wp-json\/wp\/v2\/media?parent=2090"}],"wp:term":[{"taxonomy":"category","embeddable":true,"href":"https:\/\/wilsend.com\/es\/wp-json\/wp\/v2\/categories?post=2090"},{"taxonomy":"post_tag","embeddable":true,"href":"https:\/\/wilsend.com\/es\/wp-json\/wp\/v2\/tags?post=2090"}],"curies":[{"name":"wp","href":"https:\/\/api.w.org\/{rel}","templated":true}]}}